{"id":71800,"date":"2026-04-19T15:45:15","date_gmt":"2026-04-19T15:45:15","guid":{"rendered":"https:\/\/agencezarrabi.com\/?p=71800"},"modified":"2026-04-19T15:45:15","modified_gmt":"2026-04-19T15:45:15","slug":"stronga-tudas-ereje-milyen-modon-befolyasolja-a-muveltseg-a-kortars-hetkoeznapokat-strong","status":"publish","type":"post","link":"https:\/\/agencezarrabi.com\/de\/stronga-tudas-ereje-milyen-modon-befolyasolja-a-muveltseg-a-kortars-hetkoeznapokat-strong\/","title":{"rendered":"<strong>A tud\u00e1s ereje: Milyen m\u00f3don befoly\u00e1solja a m\u0171velts\u00e9g a kort\u00e1rs h\u00e9tk\u00f6znapokat? <\/strong>"},"content":{"rendered":"<h1><strong>A tud\u00e1s ereje: Milyen m\u00f3don befoly\u00e1solja a m\u0171velts\u00e9g a kort\u00e1rs h\u00e9tk\u00f6znapokat? <\/strong><\/h1>\n<p>A 21. Sz\u00e1zad kezdet\u00e9vel a civiliz\u00e1ci\u00f3 egy eg\u00e9szen \u00faj \u00e9r\u00e1ba jutott, amelyben az inform\u00e1ci\u00f3 v\u00e1lt a leg\u00e9rt\u00e9kesebb valut\u00e1v\u00e1. Kor\u00e1bban a birtok, k\u00e9s\u0151bb az ipari t\u0151ke szabta meg a politikai \u00e9s piaci hierarchi\u00e1t, ma viszont az adat illetve annak kezel\u00e9se tal\u00e1lhat\u00f3 a moderniz\u00e1ci\u00f3 sz\u00edv\u00e9ben. Az adatforgalom gyorsas\u00e1ga \u00e9s t\u00f6mege alapjaiban \u00edrta fel\u00fcl a m\u00f3dot, mik\u00e9nt v\u00e9gezz\u00fck a munk\u00e1nk, k\u00e9pz\u0151d\u00fcnk, vagy \u00e9ppens\u00e9ggel kikapcsol\u00f3dunk. Ez az online \u00e1talakul\u00e1s nem kiz\u00e1r\u00f3lag g\u00e9pies\u00edtett m\u00f3dosul\u00e1s, hanem sokkal ink\u00e1bb egy m\u00e9lyrehat\u00f3 szellemi \u00e9s \u00e9rtelmi fejl\u0151d\u00e9s is egy\u00fattal, amely minden egy\u00e9nt \u00e9rint. <\/p>\n<h2><strong>A tud\u00e1s mint a profit \u00e9s a hat\u00e9konys\u00e1g motorja<\/strong><\/h2>\n<p>A kort\u00e1rs v\u00e1llalati szf\u00e9r\u00e1ban a relev\u00e1ns adatok megszerz\u00e9se valamint vizsg\u00e1lata alkotja a legf\u0151bb k\u00fcl\u00f6nbs\u00e9get a maradand\u00f3 diadal \u00e9s a cs\u0151d k\u00f6zepette. A v\u00e1llalkoz\u00e1sok jelenleg nem intu\u00edci\u00f3kra, hanem szabatos, alapos nyilv\u00e1ntart\u00e1sokra fektetik j\u00f6v\u0151beni l\u00e9p\u00e9seiket. A j\u00f6v\u0151be mutat\u00f3 adatvizsg\u00e1lat \u00e9s a val\u00f3s idej\u0171 kontroll seg\u00edti, hogy a vev\u0151i elv\u00e1r\u00e1sokra k\u00e9sleked\u00e9s n\u00e9lk\u00fcl reflekt\u00e1ljanak, minimaliz\u00e1lva a felesleges vesz\u00e9lyeket \u00e9s optim\u00e1lis szintre emelve a megl\u00e9v\u0151 kapacit\u00e1sok alkalmaz\u00e1s\u00e1t. <\/p>\n<p>Ez a produktivit\u00e1s azonban nem korl\u00e1toz\u00f3dik a nagyv\u00e1llalatok szintj\u00e9n. A priv\u00e1t szem\u00e9lyek r\u00e9sz\u00e9re is el\u00e9rhet\u0151v\u00e9 v\u00e1ltak azok az okos megold\u00e1sok, melyek kor\u00e1bban csak a legsz\u0171kebb csoportok lehet\u0151s\u00e9gei k\u00f6z\u00e9 tartoztak: <\/p>\n<ul>\n<li><strong>Egy\u00e9nre szabott hat\u00e9konys\u00e1g: <\/strong> A felh\u0151alap\u00fa rendszerek \u00e9s a modern id\u0151beoszt\u00e1sok \u00f6sszehangolj\u00e1k munk\u00e1inkat minden egyes berendez\u00e9s\u00fcnk\u00f6n. <\/li>\n<li><strong>R\u00f6gt\u00f6ni tud\u00e1smegoszt\u00e1s: <\/strong> A glob\u00e1lis csatorn\u00e1k r\u00e9v\u00e9n a k\u00f6z\u00f6s munka m\u00e1r nem ismer \u00e1llami soromp\u00f3kat illetve t\u00e1vols\u00e1gi akad\u00e1lyokat. <\/li>\n<li><strong>T\u00f6k\u00e9letes\u00edtett d\u00f6nt\u00e9shozatal: <\/strong> Az elemz\u0151 k\u00e9pletek t\u00e1mogat\u00e1st ny\u00fajtanak a legjobb szolg\u00e1ltat\u00e1sok \u00e9s term\u00e9kek hat\u00e9kony megtal\u00e1l\u00e1s\u00e1ban, t\u00f6rt\u00e9njen az p\u00e9nz\u00fcgyi befektet\u00e9sekr\u0151l illetve szervez\u00e9si menedzsel\u00e9sr\u0151l. <\/li>\n<\/ul>\n<h2><strong>Online \u00e9letterek: A szakmai \u00e9let valamint a kikapcsol\u00f3d\u00e1s egyens\u00falya<\/strong><\/h2>\n<p>A technol\u00f3gia innov\u00e1ci\u00f3ja folyamatosan feloldja a szigor\u00fa hat\u00e1rokat a szakmai feladatok \u00e9s az egy\u00e9ni szf\u00e9ra k\u00f6z\u00f6tt, ami egy alapjaiban modern \u00e9letritmust k\u00f6vetel meg az emberekt\u0151l. A t\u00e1vmunka \u00e9s a hibrid munkarendek elterjed\u00e9se igazolta, hogy az adatok mozg\u00e1s\u00e1nak zavartalans\u00e1ga r\u00e9v\u00e9n az irodai tart\u00f3zkod\u00e1s sz\u00e1mos szitu\u00e1ci\u00f3ban kev\u00e9ss\u00e9 fontoss\u00e1 v\u00e1lik. Ebben a felgyorsult szf\u00e9r\u00e1ban az egy\u00e9ni felel\u0151ss\u00e9gv\u00e1llal\u00e1s \u00e9s a tudatos id\u0151gazd\u00e1lkod\u00e1s b\u00e1rmikor ezel\u0151ttin\u00e9l er\u0151sebben fel\u00e9rt\u00e9kel\u0151dik. <\/p>\n<p>L\u00e1tv\u00e1nyos \u00e9szrevenni, hogyan ez a digit\u00e1lis ig\u00e9nyess\u00e9g milyen m\u00f3don ker\u00fcl \u00e1t szinte l\u00e1thatatlanul a szabadid\u0151s szok\u00e1sainkba is. Amilyen m\u00f3don a munk\u00e1nk sor\u00e1n megk\u00f6vetelj\u00fck a p\u00f6rg\u0151s, k\u00f6nnyen kezelhet\u0151 valamint v\u00e9dett fel\u00fcleteket, \u00fagy a kikapcsol\u00f3d\u00e1s perceiben is a leg\u00fajabb, legstabilabb megold\u00e1sokat keress\u00fck. Pontosan ez a mentalit\u00e1s teremtette meg a fellelhet\u0151 platformokat, melyek a digit\u00e1lis fejl\u0151d\u00e9st a kliensek k\u00e9nyelme maxim\u00e1lis t\u00e1mogat\u00e1s\u00e1ra vetik be. Remek p\u00e9lda erre a <strong><a href=\"https:\/\/changing-stories.org\/\">bizzo<\/a><\/strong>, amelynek fel\u00fclet\u00e9n a modern programk\u00f3dok \u00e9s a magas szint\u0171 adatkezel\u00e9s garant\u00e1lja az els\u0151rang\u00fa sz\u00f3rakoz\u00e1st, mell\u0151zve azt, hogy a j\u00e1t\u00e9kosnak kompromisszumot kellene tennie a k\u00e9nyelem, a temp\u00f3 illetve az etikus m\u0171k\u00f6d\u00e9s kapcs\u00e1n. Ez a t\u00edpus\u00fa egyes\u00edt\u00e9s igazolja legjobban, hogy az adat nem csup\u00e1n a szakmai hat\u00e9konys\u00e1got, hanem egy\u00fattal a min\u0151s\u00e9gi \u00e9lm\u00e9nyszerz\u00e9st is k\u00e9pes egy eddig ismeretlen dimenzi\u00f3ba helyezni. <\/p>\n<h2><strong>A technol\u00f3giai lak\u00f3k\u00f6rnyezetek \u00e9s a be\u00e1gyazott intelligencia<\/strong><\/h2>\n<p>Az inform\u00e1ci\u00f3 jelenleg nem csup\u00e1n a k\u00e9perny\u0151k\u00f6n kereszt\u00fcl szerezhet\u0151 meg; m\u00e1ra szinte k\u00f6rbevesz benn\u00fcnket az \u00e9letter\u00fcnkben is. Az &#8220;Internet of Things&#8221; (IoT) \u00e1tt\u00f6r\u00e9se lak\u00f3k\u00f6rnyezet\u00fcnket is okos, automatiz\u00e1lt egys\u00e9gekk\u00e9 transzform\u00e1lta. A mai \u00e9lett\u00e9r mostanra alkalmas r\u00e1, hogy alkalmazkodni a felhaszn\u00e1l\u00f3k ig\u00e9nyeihez, \u00e9s proakt\u00edv m\u00f3don k\u00f6nny\u00edteni a szok\u00e1sos, n\u00e9ha egyhang\u00fa teend\u0151ket. <\/p>\n<p>A legmeghat\u00e1roz\u00f3bb szolg\u00e1ltat\u00e1sok, amik \u00e9lvezhet\u0151bb\u00e9 valamint egyszer\u0171bb\u00e9 alak\u00edtj\u00e1k a sorsunkat: <\/p>\n<ol>\n<li><strong>Energiahat\u00e9konys\u00e1g: <\/strong> Az okos h\u0151m\u00e9rs\u00e9klet-szab\u00e1lyoz\u00f3k valamint f\u00e9nytechnikai eszk\u00f6z\u00f6k a statisztik\u00e1kat elemezve l\u00e1tv\u00e1nyosan m\u00e9rs\u00e9kelik az energiaig\u00e9nyt, \u00f3vva ezzel a p\u00e9nzt\u00e1rc\u00e1nkat valamint a term\u00e9szetet. <\/li>\n<li><strong>Modern biztons\u00e1gtechnika: <\/strong> A b\u00e1rhonnan b\u00e1rmely percben megtekinthet\u0151 szenzorok \u00e9s optikai eszk\u00f6z\u00f6k \u00e1lland\u00f3 visszajelz\u00e9st k\u00f6z\u00f6lnek \u00e9rt\u00e9keink \u00e9s otthonunk biztons\u00e1g\u00e1r\u00f3l. <\/li>\n<li><strong>H\u00e1ztart\u00e1si \u00f6nm\u0171k\u00f6d\u00e9s: <\/strong> A robotporsz\u00edv\u00f3k \u00e9s okos h\u00e1ztart\u00e1si g\u00e9pek sz\u00e1mos szabadid\u0151t szabad\u00edtanak fel, amit v\u00e9gs\u0151 soron a csal\u00e1dunkra vagy min\u0151s\u00e9gi tanul\u00e1sra ford\u00edthatunk. <\/li>\n<\/ol>\n<h2><strong>A megfontolt inform\u00e1ci\u00f3fogyaszt\u00e1s \u00e9s a technol\u00f3giai egyens\u00faly<\/strong><\/h2>\n<p>A rendelkez\u00e9sre \u00e1ll\u00f3 hatalmas adatmennyis\u00e9g viszont komoly kock\u00e1zatokat is rejt. Az inger\u00e1radat \u00e9s a k\u00e9nyszeres online jelenl\u00e9t szellemi kimer\u00fcl\u00e9shez, koncentr\u00e1ci\u00f3s zavarokhoz vihet minket. Ebb\u0151l kifoly\u00f3lag a 21. Sz\u00e1zadi polg\u00e1r r\u00e9sz\u00e9re a legl\u00e9nyegesebb tud\u00e1ss\u00e1 a kritikus v\u00e1logat\u00e1s \u00e9s a bels\u0151 \u00e9bers\u00e9g lett. El kell saj\u00e1t\u00edtanunk \u00e9les k\u00fcl\u00f6nbs\u00e9get tenni a t\u00e9nylegesen relev\u00e1ns adat valamint a felesleges h\u00e1tt\u00e9rzaj k\u00f6z\u00f6tt. <\/p>\n<p>Az online eg\u00e9szs\u00e9g biztos\u00edt\u00e1sa \u00e9s \u00e1pol\u00e1sa v\u00e9gett aj\u00e1nlott alkalmazni n\u00e9h\u00e1ny egyszer\u0171, de hat\u00e9kony rutint: <\/p>\n<ul>\n<li><strong>Rendszeres internetes sz\u00fcnetek: <\/strong> A nap kijel\u00f6lt szakaszaiban, p\u00e9ld\u00e1nak ok\u00e1\u00e9rt relax\u00e1ci\u00f3 alatt illetve r\u00f6gt\u00f6n alv\u00e1s el\u0151tt, \u00e9rdemes teljesen elszakadni a digit\u00e1lis berendez\u00e9sekt\u0151l a pihentet\u0151 alv\u00e1s seg\u00edt\u00e9s\u00e9re. <\/li>\n<li><strong>Kritikus forr\u00e1skritika: <\/strong> Ne higgy\u00fcnk el felt\u00e9tel n\u00e9lk\u00fcl minden szembej\u00f6v\u0151 inform\u00e1ci\u00f3t abszol\u00fat igazs\u00e1gk\u00e9nt; n\u00e9zz\u00fck \u00e1t m\u00e9lyrehat\u00f3an az adat kiindul\u00f3pontj\u00e1t \u00e9s megb\u00edzhat\u00f3s\u00e1g\u00e1t. <\/li>\n<li><strong>\u00c9rt\u00e9kalap\u00fa szelekci\u00f3: <\/strong> Csup\u00e1n olyan platformokat \u00e9s h\u00edreket \u00e9s platformokat fogyasszunk, melyek t\u00e9nyleges hozz\u00e1adott \u00e9rt\u00e9ket vagy pozit\u00edv \u00e9lm\u00e9nyt adnak a mindennapjainkban. <\/li>\n<\/ul>\n<h2><strong>A j\u00f6v\u0151 alak\u00edt\u00e1sa a tudatos tud\u00e1s \u00fatj\u00e1n<\/strong><\/h2>\n<p>A tud\u00e1s jelent\u0151s\u00e9ge a jelen t\u00e1rsadalm\u00e1ban minden k\u00e9ts\u00e9get kiz\u00e1r\u00f3an meghat\u00e1roz\u00f3. Olyan univerz\u00e1lis megold\u00e1s ez, amely k\u00e9pes el\u0151t\u00e9rbe hozni a szem\u00e9lyes kreativit\u00e1st valamint az eredm\u00e9nyess\u00e9get, amennyiben megfelel\u0151 \u00f6nkontrollal \u00e9s figyelemmel vess\u00fck be. A holnap eredm\u00e9nyes polg\u00e1ra nem az lesz, aki a legsz\u00e1mottev\u0151bb mennyis\u00e9g\u0171 nyers adatot rakt\u00e1rozza el, hanem az, aki alkalmas r\u00e1, hogy az ismeretanyagot b\u00f6lcs d\u00f6nt\u00e9sekk\u00e9 valamint \u00e9lhet\u0151 \u00e9letvitell\u00e9 \u00e1talak\u00edtani. A folyamatos tanul\u00e1s ir\u00e1nti v\u00e1gy valamint a modern technikai megold\u00e1sokhoz val\u00f3 gyors idomul\u00e1s seg\u00edt majd minket ebben a folyamatosan v\u00e1ltoz\u00f3, kih\u00edv\u00e1sokkal teli virtu\u00e1lis korszakban. A m\u0171velts\u00e9g felel\u0151ss\u00e9ggel j\u00e1r, viszont egyben ez a megold\u00e1s a modern l\u00e9tez\u00e9s meg\u00e9l\u00e9s\u00e9hez is. <\/p>\n","protected":false},"excerpt":{"rendered":"<p>A tud\u00e1s ereje: Milyen m\u00f3don befoly\u00e1solja a m\u0171velts\u00e9g a kort\u00e1rs h\u00e9tk\u00f6znapokat? A 21. Sz\u00e1zad kezdet\u00e9vel a civiliz\u00e1ci\u00f3 egy eg\u00e9szen \u00faj \u00e9r\u00e1ba jutott, amelyben az inform\u00e1ci\u00f3 v\u00e1lt a leg\u00e9rt\u00e9kesebb valut\u00e1v\u00e1. Kor\u00e1bban a birtok, k\u00e9s\u0151bb az ipari t\u0151ke szabta meg a politikai \u00e9s piaci hierarchi\u00e1t, ma viszont az adat illetve annak kezel\u00e9se tal\u00e1lhat\u00f3 a moderniz\u00e1ci\u00f3 sz\u00edv\u00e9ben. Az [&hellip;]<\/p>\n","protected":false},"author":1,"featured_media":0,"comment_status":"closed","ping_status":"open","sticky":false,"template":"","format":"standard","meta":{"content-type":"","om_disable_all_campaigns":false,"_monsterinsights_skip_tracking":false,"_monsterinsights_sitenote_active":false,"_monsterinsights_sitenote_note":"","_monsterinsights_sitenote_category":0,"_joinchat":[],"footnotes":""},"categories":[80],"tags":[],"class_list":["post-71800","post","type-post","status-publish","format-standard","hentry","category-non-classifiee"],"aioseo_notices":[],"yoast_head":"\n<title>A tud\u00e1s ereje: Milyen m\u00f3don befoly\u00e1solja a m\u0171velts\u00e9g a kort\u00e1rs h\u00e9tk\u00f6znapokat?  - agencezarrabi<\/title>\n<meta name=\"robots\" content=\"index, follow, max-snippet:-1, max-image-preview:large, max-video-preview:-1\" \/>\n<link rel=\"canonical\" href=\"https:\/\/agencezarrabi.com\/stronga-tudas-ereje-milyen-modon-befolyasolja-a-muveltseg-a-kortars-hetkoeznapokat-strong\/\" \/>\n<meta property=\"og:locale\" content=\"de_DE\" \/>\n<meta property=\"og:type\" content=\"article\" \/>\n<meta property=\"og:title\" content=\"A tud\u00e1s ereje: Milyen m\u00f3don befoly\u00e1solja a m\u0171velts\u00e9g a kort\u00e1rs h\u00e9tk\u00f6znapokat?\" \/>\n<meta property=\"og:description\" content=\"A tud\u00e1s ereje: Milyen m\u00f3don befoly\u00e1solja a m\u0171velts\u00e9g a kort\u00e1rs h\u00e9tk\u00f6znapokat? A 21. Sz\u00e1zad kezdet\u00e9vel a civiliz\u00e1ci\u00f3 egy eg\u00e9szen \u00faj \u00e9r\u00e1ba jutott, amelyben az inform\u00e1ci\u00f3 v\u00e1lt a leg\u00e9rt\u00e9kesebb valut\u00e1v\u00e1. Kor\u00e1bban a birtok, k\u00e9s\u0151bb az ipari t\u0151ke szabta meg a politikai \u00e9s piaci hierarchi\u00e1t, ma viszont az adat illetve annak kezel\u00e9se tal\u00e1lhat\u00f3 a moderniz\u00e1ci\u00f3 sz\u00edv\u00e9ben. Az [&hellip;]\" \/>\n<meta property=\"og:url\" content=\"https:\/\/agencezarrabi.com\/stronga-tudas-ereje-milyen-modon-befolyasolja-a-muveltseg-a-kortars-hetkoeznapokat-strong\/\" \/>\n<meta property=\"og:site_name\" content=\"agencezarrabi\" \/>\n<meta property=\"article:published_time\" content=\"2026-04-19T15:45:15+00:00\" \/>\n<meta name=\"author\" content=\"agencezarrabi\" \/>\n<meta name=\"twitter:card\" content=\"summary_large_image\" \/>\n<meta name=\"twitter:label1\" content=\"Verfasst von\" \/>\n\t<meta name=\"twitter:data1\" content=\"agencezarrabi\" \/>\n\t<meta name=\"twitter:label2\" content=\"Gesch\u00e4tzte Lesezeit\" \/>\n\t<meta name=\"twitter:data2\" content=\"7\u00a0Minuten\" \/>\n<script type=\"application\/ld+json\" class=\"yoast-schema-graph\">{\"@context\":\"https:\/\/schema.org\",\"@graph\":[{\"@type\":\"Article\",\"@id\":\"https:\/\/agencezarrabi.com\/stronga-tudas-ereje-milyen-modon-befolyasolja-a-muveltseg-a-kortars-hetkoeznapokat-strong\/#article\",\"isPartOf\":{\"@id\":\"https:\/\/agencezarrabi.com\/stronga-tudas-ereje-milyen-modon-befolyasolja-a-muveltseg-a-kortars-hetkoeznapokat-strong\/\"},\"author\":{\"name\":\"agencezarrabi\",\"@id\":\"https:\/\/agencezarrabi.com\/#\/schema\/person\/57a9f395a6eeaa427e3ee80b9cff5c44\"},\"headline\":\"A tud\u00e1s ereje: Milyen m\u00f3don befoly\u00e1solja a m\u0171velts\u00e9g a kort\u00e1rs h\u00e9tk\u00f6znapokat?\",\"datePublished\":\"2026-04-19T15:45:15+00:00\",\"mainEntityOfPage\":{\"@id\":\"https:\/\/agencezarrabi.com\/stronga-tudas-ereje-milyen-modon-befolyasolja-a-muveltseg-a-kortars-hetkoeznapokat-strong\/\"},\"wordCount\":1349,\"articleSection\":[\"Non classifi\u00e9(e)\"],\"inLanguage\":\"de\"},{\"@type\":\"WebPage\",\"@id\":\"https:\/\/agencezarrabi.com\/stronga-tudas-ereje-milyen-modon-befolyasolja-a-muveltseg-a-kortars-hetkoeznapokat-strong\/\",\"url\":\"https:\/\/agencezarrabi.com\/stronga-tudas-ereje-milyen-modon-befolyasolja-a-muveltseg-a-kortars-hetkoeznapokat-strong\/\",\"name\":\"A tud\u00e1s ereje: Milyen m\u00f3don befoly\u00e1solja a m\u0171velts\u00e9g a kort\u00e1rs h\u00e9tk\u00f6znapokat? - agencezarrabi\",\"isPartOf\":{\"@id\":\"https:\/\/agencezarrabi.com\/#website\"},\"datePublished\":\"2026-04-19T15:45:15+00:00\",\"author\":{\"@id\":\"https:\/\/agencezarrabi.com\/#\/schema\/person\/57a9f395a6eeaa427e3ee80b9cff5c44\"},\"breadcrumb\":{\"@id\":\"https:\/\/agencezarrabi.com\/stronga-tudas-ereje-milyen-modon-befolyasolja-a-muveltseg-a-kortars-hetkoeznapokat-strong\/#breadcrumb\"},\"inLanguage\":\"de\",\"potentialAction\":[{\"@type\":\"ReadAction\",\"target\":[\"https:\/\/agencezarrabi.com\/stronga-tudas-ereje-milyen-modon-befolyasolja-a-muveltseg-a-kortars-hetkoeznapokat-strong\/\"]}]},{\"@type\":\"BreadcrumbList\",\"@id\":\"https:\/\/agencezarrabi.com\/stronga-tudas-ereje-milyen-modon-befolyasolja-a-muveltseg-a-kortars-hetkoeznapokat-strong\/#breadcrumb\",\"itemListElement\":[{\"@type\":\"ListItem\",\"position\":1,\"name\":\"Home\",\"item\":\"https:\/\/agencezarrabi.com\/de\/\"},{\"@type\":\"ListItem\",\"position\":2,\"name\":\"A tud\u00e1s ereje: Milyen m\u00f3don befoly\u00e1solja a m\u0171velts\u00e9g a kort\u00e1rs h\u00e9tk\u00f6znapokat?\"}]},{\"@type\":\"WebSite\",\"@id\":\"https:\/\/agencezarrabi.com\/#website\",\"url\":\"https:\/\/agencezarrabi.com\/\",\"name\":\"agencezarrabi\",\"description\":\"agencezarrabi\",\"potentialAction\":[{\"@type\":\"SearchAction\",\"target\":{\"@type\":\"EntryPoint\",\"urlTemplate\":\"https:\/\/agencezarrabi.com\/?s={search_term_string}\"},\"query-input\":{\"@type\":\"PropertyValueSpecification\",\"valueRequired\":true,\"valueName\":\"search_term_string\"}}],\"inLanguage\":\"de\"},{\"@type\":\"Person\",\"@id\":\"https:\/\/agencezarrabi.com\/#\/schema\/person\/57a9f395a6eeaa427e3ee80b9cff5c44\",\"name\":\"agencezarrabi\",\"image\":{\"@type\":\"ImageObject\",\"inLanguage\":\"de\",\"@id\":\"https:\/\/agencezarrabi.com\/#\/schema\/person\/image\/\",\"url\":\"https:\/\/secure.gravatar.com\/avatar\/f132ba1b1a5a3d6f3cb6529cef071eedff6082ffed6f37fb7fbbf8dde5dedb6e?s=96&d=mm&r=g\",\"contentUrl\":\"https:\/\/secure.gravatar.com\/avatar\/f132ba1b1a5a3d6f3cb6529cef071eedff6082ffed6f37fb7fbbf8dde5dedb6e?s=96&d=mm&r=g\",\"caption\":\"agencezarrabi\"},\"sameAs\":[\"https:\/\/agencezarrabi.com\"],\"url\":\"https:\/\/agencezarrabi.com\/de\/author\/nador\/\"}]}<\/script>\n","yoast_head_json":{"title":"A tud\u00e1s ereje: Milyen m\u00f3don befoly\u00e1solja a m\u0171velts\u00e9g a kort\u00e1rs h\u00e9tk\u00f6znapokat?  - agencezarrabi","robots":{"index":"index","follow":"follow","max-snippet":"max-snippet:-1","max-image-preview":"max-image-preview:large","max-video-preview":"max-video-preview:-1"},"canonical":"https:\/\/agencezarrabi.com\/stronga-tudas-ereje-milyen-modon-befolyasolja-a-muveltseg-a-kortars-hetkoeznapokat-strong\/","og_locale":"de_DE","og_type":"article","og_title":"A tud\u00e1s ereje: Milyen m\u00f3don befoly\u00e1solja a m\u0171velts\u00e9g a kort\u00e1rs h\u00e9tk\u00f6znapokat?","og_description":"A tud\u00e1s ereje: Milyen m\u00f3don befoly\u00e1solja a m\u0171velts\u00e9g a kort\u00e1rs h\u00e9tk\u00f6znapokat? A 21. Sz\u00e1zad kezdet\u00e9vel a civiliz\u00e1ci\u00f3 egy eg\u00e9szen \u00faj \u00e9r\u00e1ba jutott, amelyben az inform\u00e1ci\u00f3 v\u00e1lt a leg\u00e9rt\u00e9kesebb valut\u00e1v\u00e1. Kor\u00e1bban a birtok, k\u00e9s\u0151bb az ipari t\u0151ke szabta meg a politikai \u00e9s piaci hierarchi\u00e1t, ma viszont az adat illetve annak kezel\u00e9se tal\u00e1lhat\u00f3 a moderniz\u00e1ci\u00f3 sz\u00edv\u00e9ben. Az [&hellip;]","og_url":"https:\/\/agencezarrabi.com\/stronga-tudas-ereje-milyen-modon-befolyasolja-a-muveltseg-a-kortars-hetkoeznapokat-strong\/","og_site_name":"agencezarrabi","article_published_time":"2026-04-19T15:45:15+00:00","author":"agencezarrabi","twitter_card":"summary_large_image","twitter_misc":{"Verfasst von":"agencezarrabi","Gesch\u00e4tzte Lesezeit":"7\u00a0Minuten"},"schema":{"@context":"https:\/\/schema.org","@graph":[{"@type":"Article","@id":"https:\/\/agencezarrabi.com\/stronga-tudas-ereje-milyen-modon-befolyasolja-a-muveltseg-a-kortars-hetkoeznapokat-strong\/#article","isPartOf":{"@id":"https:\/\/agencezarrabi.com\/stronga-tudas-ereje-milyen-modon-befolyasolja-a-muveltseg-a-kortars-hetkoeznapokat-strong\/"},"author":{"name":"agencezarrabi","@id":"https:\/\/agencezarrabi.com\/#\/schema\/person\/57a9f395a6eeaa427e3ee80b9cff5c44"},"headline":"A tud\u00e1s ereje: Milyen m\u00f3don befoly\u00e1solja a m\u0171velts\u00e9g a kort\u00e1rs h\u00e9tk\u00f6znapokat?","datePublished":"2026-04-19T15:45:15+00:00","mainEntityOfPage":{"@id":"https:\/\/agencezarrabi.com\/stronga-tudas-ereje-milyen-modon-befolyasolja-a-muveltseg-a-kortars-hetkoeznapokat-strong\/"},"wordCount":1349,"articleSection":["Non classifi\u00e9(e)"],"inLanguage":"de"},{"@type":"WebPage","@id":"https:\/\/agencezarrabi.com\/stronga-tudas-ereje-milyen-modon-befolyasolja-a-muveltseg-a-kortars-hetkoeznapokat-strong\/","url":"https:\/\/agencezarrabi.com\/stronga-tudas-ereje-milyen-modon-befolyasolja-a-muveltseg-a-kortars-hetkoeznapokat-strong\/","name":"A tud\u00e1s ereje: Milyen m\u00f3don befoly\u00e1solja a m\u0171velts\u00e9g a kort\u00e1rs h\u00e9tk\u00f6znapokat? - agencezarrabi","isPartOf":{"@id":"https:\/\/agencezarrabi.com\/#website"},"datePublished":"2026-04-19T15:45:15+00:00","author":{"@id":"https:\/\/agencezarrabi.com\/#\/schema\/person\/57a9f395a6eeaa427e3ee80b9cff5c44"},"breadcrumb":{"@id":"https:\/\/agencezarrabi.com\/stronga-tudas-ereje-milyen-modon-befolyasolja-a-muveltseg-a-kortars-hetkoeznapokat-strong\/#breadcrumb"},"inLanguage":"de","potentialAction":[{"@type":"ReadAction","target":["https:\/\/agencezarrabi.com\/stronga-tudas-ereje-milyen-modon-befolyasolja-a-muveltseg-a-kortars-hetkoeznapokat-strong\/"]}]},{"@type":"BreadcrumbList","@id":"https:\/\/agencezarrabi.com\/stronga-tudas-ereje-milyen-modon-befolyasolja-a-muveltseg-a-kortars-hetkoeznapokat-strong\/#breadcrumb","itemListElement":[{"@type":"ListItem","position":1,"name":"Home","item":"https:\/\/agencezarrabi.com\/de\/"},{"@type":"ListItem","position":2,"name":"A tud\u00e1s ereje: Milyen m\u00f3don befoly\u00e1solja a m\u0171velts\u00e9g a kort\u00e1rs h\u00e9tk\u00f6znapokat?"}]},{"@type":"WebSite","@id":"https:\/\/agencezarrabi.com\/#website","url":"https:\/\/agencezarrabi.com\/","name":"agencezarrabi","description":"agencezarrabi","potentialAction":[{"@type":"SearchAction","target":{"@type":"EntryPoint","urlTemplate":"https:\/\/agencezarrabi.com\/?s={search_term_string}"},"query-input":{"@type":"PropertyValueSpecification","valueRequired":true,"valueName":"search_term_string"}}],"inLanguage":"de"},{"@type":"Person","@id":"https:\/\/agencezarrabi.com\/#\/schema\/person\/57a9f395a6eeaa427e3ee80b9cff5c44","name":"agencezarrabi","image":{"@type":"ImageObject","inLanguage":"de","@id":"https:\/\/agencezarrabi.com\/#\/schema\/person\/image\/","url":"https:\/\/secure.gravatar.com\/avatar\/f132ba1b1a5a3d6f3cb6529cef071eedff6082ffed6f37fb7fbbf8dde5dedb6e?s=96&d=mm&r=g","contentUrl":"https:\/\/secure.gravatar.com\/avatar\/f132ba1b1a5a3d6f3cb6529cef071eedff6082ffed6f37fb7fbbf8dde5dedb6e?s=96&d=mm&r=g","caption":"agencezarrabi"},"sameAs":["https:\/\/agencezarrabi.com"],"url":"https:\/\/agencezarrabi.com\/de\/author\/nador\/"}]}},"_links":{"self":[{"href":"https:\/\/agencezarrabi.com\/de\/wp-json\/wp\/v2\/posts\/71800","targetHints":{"allow":["GET"]}}],"collection":[{"href":"https:\/\/agencezarrabi.com\/de\/wp-json\/wp\/v2\/posts"}],"about":[{"href":"https:\/\/agencezarrabi.com\/de\/wp-json\/wp\/v2\/types\/post"}],"author":[{"embeddable":true,"href":"https:\/\/agencezarrabi.com\/de\/wp-json\/wp\/v2\/users\/1"}],"replies":[{"embeddable":true,"href":"https:\/\/agencezarrabi.com\/de\/wp-json\/wp\/v2\/comments?post=71800"}],"version-history":[{"count":1,"href":"https:\/\/agencezarrabi.com\/de\/wp-json\/wp\/v2\/posts\/71800\/revisions"}],"predecessor-version":[{"id":71801,"href":"https:\/\/agencezarrabi.com\/de\/wp-json\/wp\/v2\/posts\/71800\/revisions\/71801"}],"wp:attachment":[{"href":"https:\/\/agencezarrabi.com\/de\/wp-json\/wp\/v2\/media?parent=71800"}],"wp:term":[{"taxonomy":"category","embeddable":true,"href":"https:\/\/agencezarrabi.com\/de\/wp-json\/wp\/v2\/categories?post=71800"},{"taxonomy":"post_tag","embeddable":true,"href":"https:\/\/agencezarrabi.com\/de\/wp-json\/wp\/v2\/tags?post=71800"}],"curies":[{"name":"wp","href":"https:\/\/api.w.org\/{rel}","templated":true}]}}